{"id":19003,"date":"2022-09-28T04:12:31","date_gmt":"2022-09-28T04:12:31","guid":{"rendered":"https:\/\/transterrelogistics.com\/?p=19003"},"modified":"2022-10-07T04:56:57","modified_gmt":"2022-10-07T04:56:57","slug":"el-tlcan-fue-un-acuerdo-comercial-el-t-mec-es-uno-de-integracion-productiva-comce","status":"publish","type":"post","link":"https:\/\/transterrelogistics.com\/index.php\/el-tlcan-fue-un-acuerdo-comercial-el-t-mec-es-uno-de-integracion-productiva-comce\/","title":{"rendered":"El TLCAN fue un acuerdo comercial; el T-MEC es uno de integraci\u00f3n productiva: Comce"},"content":{"rendered":"<div class=\"jsx-1778878049 \">\n<p>Fernando Ruiz Huarte, director general del Consejo Empresarial Mexicano de Comercio Exterior, Inversi\u00f3n y Tecnolog\u00eda, destac\u00f3 que un ejemplo de la integraci\u00f3n productiva que se ha generado es la nueva pol\u00edtica industrial anunciada este mes por la Secretar\u00eda de Econ\u00f3mia.<\/p>\n<\/div>\n<div class=\"jsx-1921398030 newsbody\">\n<div class=\"jsx-670345696 share fixed\">\n<div class=\"jsx-670345696 \"><\/div>\n<\/div>\n<div class=\"jsx-1921398030\">\n<div class=\"jsx-3150550767\">\n<p class=\"jsx-3954459878\">Despu\u00e9s de que el\u00a0<a href=\"https:\/\/www.eleconomista.com.mx\/internacionales\/Que-es-el-Tratado-de-Libre-Comercio-de-America-del-Norte-20161123-0111.html\" target=\"_blank\" rel=\"noopener\">Tratado de Libre Comercio de Am\u00e9rica del Norte<\/a>\u00a0(<strong>TLCAN<\/strong>) consolid\u00f3 la apertura comercial regional, el Tratado entre M\u00e9xico, Estados Unidos y Canad\u00e1 (<strong>T-MEC<\/strong>) est\u00e1 en un proceso de afianzar la integraci\u00f3n productiva entre los tres pa\u00edses.<\/p>\n<p class=\"jsx-3954459878\">Ambas tendencias fueron definidas as\u00ed por Fernando Ruiz Huarte, director general del Consejo Empresarial Mexicano de Comercio Exterior, Inversi\u00f3n y Tecnolog\u00eda (<a href=\"https:\/\/www.eleconomista.com.mx\/tags\/Comce\" target=\"_blank\" rel=\"noopener\">Comce<\/a>), en una conferencia de prensa que dio este mi\u00e9rcoles.<\/p>\n<p class=\"jsx-3954459878\">El m\u00e1s reciente ejemplo de esta integraci\u00f3n productiva es la\u00a0<a href=\"https:\/\/www.eleconomista.com.mx\/empresas\/Secretaria-de-Economia-presenta-su-estrategia-Rumbo-a-una-politica-industrial-20220920-0096.html\" target=\"_blank\" rel=\"noopener\">nueva pol\u00edtica industrial anunciada el 20 de septiembre<\/a>\u00a0pasado por la\u00a0<strong>Secretar\u00eda de Econom\u00eda<\/strong>, en la que se seleccion\u00f3 a cinco sectores estrat\u00e9gicos: agroalimentario; el\u00e9ctrico-electr\u00f3nico; electromovilidad; servicios m\u00e9dicos y farmac\u00e9uticos, e industrias creativas.<\/p>\n<p class=\"jsx-3954459878\">\u201cEs parte de la negociaci\u00f3n del\u00a0<strong>T-MEC<\/strong>: pasar de un acuerdo trilateral a un acuerdo de integraci\u00f3n regional\u201d, dijo Ruiz Huarte.<\/p>\n<p class=\"jsx-3954459878\">La esta nueva pol\u00edtica industrial se retroalimenta en parte con los acuerdos que M\u00e9xico y Estados Unidos pactan en el\u00a0<a href=\"https:\/\/www.eleconomista.com.mx\/empresas\/Economia-SHCP-y-la-SRE-encabezan-a-Mexico-hoy-en-el-DEAN-20220911-0082.html\" target=\"_blank\" rel=\"noopener\">Di\u00e1logo Econ\u00f3mico de Alto Nivel\u00a0<\/a>(DEAN).<\/p>\n<p class=\"jsx-3954459878\">Paralelamente, el<strong>\u00a0T-MEC\u00a0<\/strong>contiene inversiones, trabajos y supervisiones en materia laboral y ambiental entre Estados Unidos y M\u00e9xico y entre Canad\u00e1 y M\u00e9xico; regulaciones trilaterales que incrementan el contenido regional en las exportaciones automotrices para gozar de la eliminaci\u00f3n de aranceles, y acuerdos entre Estados Unidos y Canad\u00e1 y entre Estados Unidos y M\u00e9xico en la nueva producci\u00f3n de semiconductores.<\/p>\n<p class=\"jsx-3954459878\"><span style=\"font-size: 17px; letter-spacing: 0px;\">Esta integraci\u00f3n regional es la que permite que se presenten proyectos binacionales o trinacionales\u201d, dijo Ruiz Huarte.<\/span><\/p>\n<p class=\"jsx-3954459878\">El\u00a0<strong>T-MEC<\/strong>\u00a0crea condiciones favorables para la deslocalizaci\u00f3n de procesos productivos esenciales y la reducci\u00f3n del tipo de riesgos de las cadenas de suministro sobredimensionadas que ha puesto de manifiesto la pandemia del Covid-19, la invasi\u00f3n de Rusia a Ucrania, la carest\u00eda de semiconductores y problemas log\u00edsticos en puertos y en el transporte mar\u00edtimo.<\/p>\n<p class=\"jsx-3954459878\">Tambi\u00e9n la innovaci\u00f3n y las tecnolog\u00edas emergentes tienen el potencial de fomentar una mayor integraci\u00f3n regional, como los autos el\u00e9ctricos, los chips, las Tecnolog\u00edas de la Informaci\u00f3n y las Comunicaciones (TICs) y los dispositivos m\u00e9dicos.<\/p>\n<p class=\"jsx-3954459878\">\u201cEsta es una muy buena se\u00f1al de que podemos trabajar en forma conjunta en la regi\u00f3n y ver a la regi\u00f3n como el principal motor de crecimiento y de abastecimiento de nuestras industrias, para as\u00ed fortalecer el contenido regional de los productos que producimos en la zona y que nos intercambiamos\u201d, coment\u00f3 Ruiz Huarte.<\/p>\n<\/div>\n<\/div>\n<\/div>\n","protected":false},"excerpt":{"rendered":"<p>Fernando Ruiz Huarte, director general del Consejo Empresarial Mexicano de Comercio Exterior, Inversi\u00f3n y Tecnolog\u00eda, destac\u00f3 que un ejemplo de la integraci\u00f3n productiva que se ha generado es la nueva&hellip;<\/p>\n","protected":false},"author":1,"featured_media":19004,"comment_status":"closed","ping_status":"open","sticky":false,"template":"","format":"standard","meta":{"footnotes":""},"categories":[180],"tags":[],"class_list":["post-19003","post","type-post","status-publish","format-standard","has-post-thumbnail","hentry","category-empresas"],"_links":{"self":[{"href":"https:\/\/transterrelogistics.com\/index.php\/wp-json\/wp\/v2\/posts\/19003","targetHints":{"allow":["GET"]}}],"collection":[{"href":"https:\/\/transterrelogistics.com\/index.php\/wp-json\/wp\/v2\/posts"}],"about":[{"href":"https:\/\/transterrelogistics.com\/index.php\/wp-json\/wp\/v2\/types\/post"}],"author":[{"embeddable":true,"href":"https:\/\/transterrelogistics.com\/index.php\/wp-json\/wp\/v2\/users\/1"}],"replies":[{"embeddable":true,"href":"https:\/\/transterrelogistics.com\/index.php\/wp-json\/wp\/v2\/comments?post=19003"}],"version-history":[{"count":1,"href":"https:\/\/transterrelogistics.com\/index.php\/wp-json\/wp\/v2\/posts\/19003\/revisions"}],"predecessor-version":[{"id":19005,"href":"https:\/\/transterrelogistics.com\/index.php\/wp-json\/wp\/v2\/posts\/19003\/revisions\/19005"}],"wp:featuredmedia":[{"embeddable":true,"href":"https:\/\/transterrelogistics.com\/index.php\/wp-json\/wp\/v2\/media\/19004"}],"wp:attachment":[{"href":"https:\/\/transterrelogistics.com\/index.php\/wp-json\/wp\/v2\/media?parent=19003"}],"wp:term":[{"taxonomy":"category","embeddable":true,"href":"https:\/\/transterrelogistics.com\/index.php\/wp-json\/wp\/v2\/categories?post=19003"},{"taxonomy":"post_tag","embeddable":true,"href":"https:\/\/transterrelogistics.com\/index.php\/wp-json\/wp\/v2\/tags?post=19003"}],"curies":[{"name":"wp","href":"https:\/\/api.w.org\/{rel}","templated":true}]}}