{"id":19119,"date":"2022-11-23T17:01:57","date_gmt":"2022-11-23T23:01:57","guid":{"rendered":"https:\/\/transterrelogistics.com\/?p=19119"},"modified":"2022-11-23T17:01:59","modified_gmt":"2022-11-23T23:01:59","slug":"romper-con-el-pkk-pide-turquia","status":"publish","type":"post","link":"https:\/\/transterrelogistics.com\/index.php\/romper-con-el-pkk-pide-turquia\/","title":{"rendered":"Romper con el PKK, pide Turqu\u00eda"},"content":{"rendered":"\n<p>El embajador de Turqu\u00eda en M\u00e9xico,\u00a0\u0130lhan Kemal Tu\u011f,\u00a0recuerda que, para ingresar a la OTAN, Suecia y Finlandia no deben tener v\u00ednculos con el Partido de los Trabajadores de Kurdist\u00e1n (PKK).<\/p>\n\n\n\n<p>\u201c<em>Nuestros pa\u00edses est\u00e1n listos para mantener su impulso y fortalecer los lazos entre nuestros pueblos<\/em>\u201d, \u0130lhan Kemal Tu\u011f, embajador de Turqu\u00eda en M\u00e9xico.<\/p>\n\n\n\n<p>La ratificaci\u00f3n de la entrada de Suecia y Finlandia en la&nbsp;<strong>OTAN<\/strong>&nbsp;sigue pendiente en el parlamento de<strong>&nbsp;Turqu\u00eda<\/strong>, el embajador<strong>&nbsp;\u0130lhan Kemal Tu\u011f<\/strong>, respondi\u00f3 sobre el tema y tambi\u00e9n abord\u00f3 en entrevista con&nbsp;<em>El Economista<\/em>, v\u00eda correo electr\u00f3nico, la relaci\u00f3n con M\u00e9xico.<\/p>\n\n\n\n<p><strong>Turqu\u00eda<\/strong>&nbsp;ha sido el \u00fanico pa\u00eds que ha sentado a rusos y ucranianos en la mesa despu\u00e9s del 24 de febrero&nbsp;<strong>\u00bfQu\u00e9 decisi\u00f3n provoc\u00f3 la ruptura de la negociaci\u00f3n?<\/strong><\/p>\n\n\n\n<p>De los muchos pa\u00edses que luchan por encontrar un enfoque adecuado para la&nbsp;<a href=\"https:\/\/www.eleconomista.com.mx\/internacionales\/Ucrania-recibe-apoyo-turco-frente-a-Rusia-y-pide-a-la-ONU-proteger-planta-nuclear-de-Zaporiyia-20220818-0054.html\" target=\"_blank\" rel=\"noreferrer noopener\">invasi\u00f3n de Ucrania por parte de Rusia<\/a>,&nbsp;<strong>Turqu\u00eda<\/strong>&nbsp;ha logrado preservar su relaci\u00f3n tanto con Mosc\u00fa, como con Kiev. Como actor imparcial, podemos decir que Turqu\u00eda ha asumido el papel de mediador clave entre Rusia y Ucrania.<\/p>\n\n\n\n<p>La pol\u00edtica exterior turca tiene como objetivo proteger los intereses de Turqu\u00eda en un entorno regional y global vol\u00e1til, al tiempo que configura las condiciones para una paz y estabilidad sostenibles en nuestro vecindario y m\u00e1s all\u00e1. Guiados por nuestro objetivo perdurable de lograr &#8220;paz en casa, paz en el mundo&#8221;, tal como lo estableci\u00f3 el fundador de nuestra Rep\u00fablica, Mustafa Kemal Atat\u00fcrk, reunimos a las dos partes en Antalya dos veces. Desafortunadamente, las reuniones terminaron en punto muerto. Sin embargo, nuestra esperanza era restablecer la paz en nuestra regi\u00f3n, por lo que continuamos con nuestros esfuerzos por la diplomacia entre Rusia y Ucrania. Tras el acercamiento del presidente Erdo\u011fan a ambas partes al m\u00e1s alto nivel, se celebraron conversaciones t\u00e9cnicas sobre la exportaci\u00f3n de grano ucraniano en Estambul el 13 de julio pasado con la participaci\u00f3n de las delegaciones turca, rusa y ucraniana, as\u00ed como la ONU. Tras intensas negociaciones, las partes llegaron a un acuerdo para la exportaci\u00f3n de granos.<br>S\u00ed, fue dif\u00edcil, pero como un pa\u00eds que siempre intenta contribuir a la paz mundial, Turqu\u00eda seguir\u00e1 buscando soluciones diplom\u00e1ticas para alcanzar la paz y la estabilidad en su regi\u00f3n y m\u00e1s all\u00e1.<\/p>\n\n\n\n<p>\u2014<strong>\u00bfContinuar\u00e1 Turqu\u00eda buscando mediaci\u00f3n? \u00bfC\u00f3mo detectar el momento para hacerlo?<\/strong><\/p>\n\n\n\n<p>\u2014Desde el primer d\u00eda del conflicto en Ucrania, actuamos bajo la premisa de que \u201cla guerra no tiene ganadores, una paz justa no tiene perdedores\u201d. Hoy seguimos enfatizando el papel clave del di\u00e1logo y la diplomacia para resolver la crisis actual. Seguiremos aumentando nuestros esfuerzos para poner fin a la guerra, sobre la base de la integridad territorial y la soberan\u00eda de Ucrania.<\/p>\n\n\n\n<p>\u2014<strong>\u00bfEn qu\u00e9 estado se encuentran las negociaciones de su pa\u00eds con Suecia y Finlandia para su posible ingreso a la OTAN?<\/strong><\/p>\n\n\n\n<p>\u2014Siempre hemos apoyado la pol\u00edtica de puertas abiertas de la OTAN; en este sentido, no tenemos nada en contra de la adhesi\u00f3n de Finlandia y Suecia. Sin embargo, la posici\u00f3n de Turqu\u00eda es responsabilizar a los enemigos de un aliado. El terrorismo ha sido identificado como una de las mayores amenazas para la Alianza en su Concepto Estrat\u00e9gico para los pr\u00f3ximos 10 a\u00f1os. Seguimos de cerca las promesas hechas por Suecia y Finlandia de poner fin a su apoyo a las organizaciones terroristas PKK\/PYD\/YPG y FETO, seg\u00fan lo acordado en el Memorando de Entendimiento firmado durante la Cumbre de Madrid de la OTAN. Por supuesto, la decisi\u00f3n final corresponder\u00e1 a nuestro Parlamento.<\/p>\n\n\n\n<p>\u2014<strong>\u00bfCu\u00e1les son las razones por las que Turqu\u00eda no ha dado su aprobaci\u00f3n para que Suecia y Finlandia se unan a la OTAN?<\/strong><\/p>\n\n\n\n<p>Turqu\u00eda ha dicho que bloquear\u00eda la solicitud de Suecia y Finlandia a menos que recibiera garant\u00edas satisfactorias de que estos dos pa\u00edses estaban dispuestos a enfrentar a las organizaciones terroristas vinculadas con FETO y PKK en sus pa\u00edses. Turqu\u00eda est\u00e1 sufriendo mucho a causa del terrorismo y necesitamos ver que Finlandia y Suecia est\u00e9n luchando contra el terrorismo en sus pa\u00edses de manera efectiva.<\/p>\n\n\n\n<p>Exigimos que Suecia y Finlandia dejen de apoyar a las organizaciones terroristas PKK y FETO y levanten sus prohibiciones sobre la venta de ciertas armas a Turqu\u00eda. El PKK es una organizaci\u00f3n terrorista reconocida por la Uni\u00f3n Europea y los Estados Unidos de Am\u00e9rica. Decenas de miles de personas han muerto en nuestro pa\u00eds a causa de los ataques terroristas del PKK. PYD\/YPG es una rama del PKK y cualquier ayuda al PYD\/YPG es, de igual manera, un apoyo al PKK. Dado que la OTAN es una alianza militar\/de seguridad, debemos estar seguros de que otros miembros de la OTAN est\u00e1n con Turqu\u00eda en su lucha contra el terrorismo.<\/p>\n\n\n\n<p>\u2014<strong>\u00bfQu\u00e9 posici\u00f3n tiene Turqu\u00eda sobre la guerra en Ucrania?<\/strong><\/p>\n\n\n\n<p>\u2014Turqu\u00eda no reconoci\u00f3 la anexi\u00f3n de Crimea por parte de Rusia en un refer\u00e9ndum ileg\u00edtimo y siempre ha enfatizado su firme apoyo a la integridad territorial, la independencia y la soberan\u00eda de Ucrania, en todas las ocasiones. Reiteramos nuestro apoyo a la resoluci\u00f3n de esta guerra, cuya gravedad sigue creciendo, sobre la base de una paz justa que se alcance mediante negociaciones.<\/p>\n\n\n\n<p>\u2014<strong>\u00bfQu\u00e9 opina del plan de paz propuesto por M\u00e9xico?<\/strong><\/p>\n\n\n\n<p>\u2014Damos la bienvenida a todas las iniciativas de paz.<\/p>\n\n\n\n<p>\u2014<strong>\u00bfC\u00f3mo ha evolucionado la relaci\u00f3n Turqu\u00eda-M\u00e9xico?<\/strong><\/p>\n\n\n\n<p>\u2014Estamos cerca del centenario de nuestras relaciones diplom\u00e1ticas y puedo decir que tenemos excelentes relaciones con M\u00e9xico. En los \u00faltimos 15 a\u00f1os las hemos impulsado con visitas de alto nivel. El secretario&nbsp;<a href=\"https:\/\/www.eleconomista.com.mx\/internacionales\/Mexico-y-Turquia-reanudaran-las-negociaciones-de-un-acuerdo-de-libre-comercio-20221117-0099.html\" target=\"_blank\" rel=\"noreferrer noopener\">Marcelo Ebrard visita Turqu\u00eda este 17 y 18 de noviembre<\/a>. Tambi\u00e9n estamos dispuestos a concretar la visita de nuestro Presidente a M\u00e9xico lo antes posible. Adem\u00e1s de las relaciones bilaterales\/pol\u00edticas, tenemos fuertes lazos comerciales. Batimos r\u00e9cord el a\u00f1o pasado y, adem\u00e1s, queremos aumentar, a\u00fan m\u00e1s, nuestro volumen comercial mediante la firma de un Tratado de Libre Comercio. Perm\u00edtanme tambi\u00e9n enfatizar la importancia de los vuelos directos de Turkish Airlines desde Estambul a CDMX-Canc\u00fan, para fortalecer nuestras relaciones comerciales y tur\u00edsticas.<\/p>\n\n\n\n<p>Por otro lado, s\u00e9 que las telenovelas turcas son muy populares aqu\u00ed en M\u00e9xico. Asimismo, para seguir construyendo puentes culturales se inaugur\u00f3 el Centro Cultural Yunus Emre este a\u00f1o. Estoy feliz de anunciar que recientemente comenzamos nuestras clases presenciales de idioma turco en sus instalaciones.<\/p>\n\n\n\n<p>Tambi\u00e9n a trav\u00e9s de la Agencia de Cooperaci\u00f3n y Coordinaci\u00f3n de Turqu\u00eda-T\u0130KA, estamos ayudando a personas vulnerables en M\u00e9xico en los campos de la salud, la educaci\u00f3n, etc. Adem\u00e1s, tenemos alumnos mexicanos en Turqu\u00eda que estudian en universidades turcas con becas de Turqu\u00eda. En resumen, tenemos excelentes relaciones bilaterales; nuestros pa\u00edses est\u00e1n listos para mantener su impulso y fortalecer los lazos entre nuestros pueblos.<\/p>\n\n\n\n<p><\/p>\n\n\n\n<p class=\"has-text-align-right\"><a href=\"https:\/\/www.eleconomista.com.mx\/internacionales\/Romper-con-el-PKK-pide-Turquia-20221117-0106.html\">Fuente<\/a><\/p>\n","protected":false},"excerpt":{"rendered":"<p>El embajador de Turqu\u00eda en M\u00e9xico,\u00a0\u0130lhan Kemal Tu\u011f,\u00a0recuerda que, para ingresar a la OTAN, Suecia y Finlandia no deben tener v\u00ednculos con el Partido de los Trabajadores de Kurdist\u00e1n (PKK).&hellip;<\/p>\n","protected":false},"author":1,"featured_media":19120,"comment_status":"closed","ping_status":"open","sticky":false,"template":"","format":"standard","meta":{"footnotes":""},"categories":[181],"tags":[],"class_list":["post-19119","post","type-post","status-publish","format-standard","has-post-thumbnail","hentry","category-internacionales"],"_links":{"self":[{"href":"https:\/\/transterrelogistics.com\/index.php\/wp-json\/wp\/v2\/posts\/19119","targetHints":{"allow":["GET"]}}],"collection":[{"href":"https:\/\/transterrelogistics.com\/index.php\/wp-json\/wp\/v2\/posts"}],"about":[{"href":"https:\/\/transterrelogistics.com\/index.php\/wp-json\/wp\/v2\/types\/post"}],"author":[{"embeddable":true,"href":"https:\/\/transterrelogistics.com\/index.php\/wp-json\/wp\/v2\/users\/1"}],"replies":[{"embeddable":true,"href":"https:\/\/transterrelogistics.com\/index.php\/wp-json\/wp\/v2\/comments?post=19119"}],"version-history":[{"count":1,"href":"https:\/\/transterrelogistics.com\/index.php\/wp-json\/wp\/v2\/posts\/19119\/revisions"}],"predecessor-version":[{"id":19121,"href":"https:\/\/transterrelogistics.com\/index.php\/wp-json\/wp\/v2\/posts\/19119\/revisions\/19121"}],"wp:featuredmedia":[{"embeddable":true,"href":"https:\/\/transterrelogistics.com\/index.php\/wp-json\/wp\/v2\/media\/19120"}],"wp:attachment":[{"href":"https:\/\/transterrelogistics.com\/index.php\/wp-json\/wp\/v2\/media?parent=19119"}],"wp:term":[{"taxonomy":"category","embeddable":true,"href":"https:\/\/transterrelogistics.com\/index.php\/wp-json\/wp\/v2\/categories?post=19119"},{"taxonomy":"post_tag","embeddable":true,"href":"https:\/\/transterrelogistics.com\/index.php\/wp-json\/wp\/v2\/tags?post=19119"}],"curies":[{"name":"wp","href":"https:\/\/api.w.org\/{rel}","templated":true}]}}