{"id":19127,"date":"2022-12-28T13:57:33","date_gmt":"2022-12-28T19:57:33","guid":{"rendered":"https:\/\/transterrelogistics.com\/?p=19127"},"modified":"2022-12-28T13:57:34","modified_gmt":"2022-12-28T19:57:34","slug":"espana-refrenda-compromiso-de-invertir-en-mexico-para-2023-pese-a-incertidumbre","status":"publish","type":"post","link":"https:\/\/transterrelogistics.com\/index.php\/espana-refrenda-compromiso-de-invertir-en-mexico-para-2023-pese-a-incertidumbre\/","title":{"rendered":"Espa\u00f1a refrenda compromiso de invertir en M\u00e9xico para 2023, pese a incertidumbre"},"content":{"rendered":"\n<p>A pesar de los momentos de incertidumbre jur\u00eddica ha prevalecido en meses pasados -como es el caso del&nbsp;<a href=\"https:\/\/www.eleconomista.com.mx\/empresas\/Iberdrola-quita-el-foco-de-inversion-regional-de-Mexico-y-lo-pasa-a-Estados-Unidos-20221117-0042.html\" target=\"_blank\" rel=\"noreferrer noopener\">freno a los proyectos verdes en materia energ\u00e9tica a Iberdrola<\/a>-, los empresarios espa\u00f1oles afirmaron que existe inter\u00e9s de seguir invirtiendo en M\u00e9xico para el 2023.<\/p>\n\n\n\n<p>\u201cNunca ha cambiado el rumbo de seguir invirtiendo en M\u00e9xico\u201d, afirm\u00f3 la C\u00e1mara Espa\u00f1ola de Comercio en M\u00e9xico (<strong>Camescom<\/strong>).<\/p>\n\n\n\n<p>En el encuentro empresarial realizado por la Comisi\u00f3n Binacional Espa\u00f1a \u2013 M\u00e9xico, a la que asisti\u00f3 el ministro de Asuntos Exteriores, Uni\u00f3n Europea y Cooperaci\u00f3n del Gobierno de Espa\u00f1a, Jos\u00e9 Manuel Albares Bueno y Mar\u00eda Reyes Maroto Illera, ministra de Industria, Comercio y Turismo del Gobierno de Espa\u00f1a, se destac\u00f3 la importancia de seguir creciendo en M\u00e9xico.<\/p>\n\n\n\n<blockquote class=\"wp-block-quote is-layout-flow wp-block-quote-is-layout-flow\">\n<p>La Camescom refrenda su compromiso y el de las empresas socias en continuar con el desarrollo de las relaciones bilaterales entre M\u00e9xico y Espa\u00f1a; as\u00ed como el trabajo en conjunto en pro del desarrollo de ambos pa\u00edses\u201d, dijo el organismo privado.<\/p>\n<\/blockquote>\n\n\n\n<p>Antonio Basagoiti Pastor, representante de los empresarios espa\u00f1oles en el pa\u00eds destac\u00f3 que el gobierno de Espa\u00f1a brinda soporte a la inversi\u00f3n espa\u00f1ola en M\u00e9xico, tras celebrar 130 a\u00f1os de nuevas relaciones; as\u00ed como destacar la fortaleza de la inversi\u00f3n espa\u00f1ola en el pa\u00eds.<\/p>\n\n\n\n<p>Entre las empresas espa\u00f1olas que conforman a la&nbsp;<strong>Camescom<\/strong>&nbsp;se encuentra Iberdrola, que en su plan de negocios no incluy\u00f3 a M\u00e9xico, al menos para sus proyectos del 2023 al 2025, pese a que es la segunda empresa -despu\u00e9s de la Comisi\u00f3n Federal de Electricidad- en suministrar electricidad a M\u00e9xico.<\/p>\n\n\n\n<p>No obstante, el gobierno de Andr\u00e9s Manuel L\u00f3pez Obrador desconect\u00f3 la red de operaci\u00f3n de Iberdrola, y ha mantenido constantes ataques de supuestos abusos en el sistema el\u00e9ctrico mexicano.<\/p>\n\n\n\n<p>Basagoiti Pastor, presidente de la&nbsp;<strong>Camescom<\/strong>, coment\u00f3 que la inversi\u00f3n espa\u00f1ola en M\u00e9xico cuenta con un fuerte compromiso de permanencia que ha logrado establecerse en sectores de suma importancia para la econom\u00eda mexicana.<\/p>\n\n\n\n<blockquote class=\"wp-block-quote is-layout-flow wp-block-quote-is-layout-flow\">\n<p>Pese a los momentos de incertidumbre jur\u00eddica que se ha suscitado en meses pasados, nunca ha cambiado el rumbo de seguir invirtiendo en M\u00e9xico\u201d, afirm\u00f3.<\/p>\n<\/blockquote>\n\n\n\n<p>Incluso, Iberdrola se\u00f1al\u00f3 que tiene un ambicioso plan de inversi\u00f3n para Estados Unidos, pero en el futuro inmediato, continuar\u00e1 con sus proyectos para contribuir a la meta de reducci\u00f3n de emisiones contaminantes.<\/p>\n\n\n\n<p>Otras de las firmas asociadas como BBVA, Repsol, Iberia, Mapfre, Naturgy, Gestam, Santander, Adecco, otras refrendaron el inter\u00e9s en continuar con el desarrollo de las relaciones bilaterales entre M\u00e9xico y Espa\u00f1a.<\/p>\n\n\n\n<p>En su oportunidad, el ministro Albares Bueno indic\u00f3 que establecer y continuar con las relaciones bilaterales con M\u00e9xico es beneficioso para ambos pa\u00edses. Aunque, apunt\u00f3, durante esta cumbre se dar\u00e1n a conocer las inquietudes del sector empresarial para que entre ambos gobiernos se puedan integrar iniciativas en beneficio de la econom\u00eda y desarrollo,<\/p>\n\n\n\n<p>A su vez la ministra de Industria, Comercio y Turismo del Gobierno de Espa\u00f1a, Reyes Maroto resalt\u00f3 la relevancia que la inversi\u00f3n mexicana ha tomado en Espa\u00f1a ocupando el sexto lugar de inversi\u00f3n extranjera en Espa\u00f1a.<\/p>\n\n\n\n<p>Asegur\u00f3 que M\u00e9xico es un socio preferente para Espa\u00f1a. \u201cLas relaciones bilaterales se han fortalecido, las inversiones se han mantenido y nuestras empresas juegan un papel fundamental en el desarrollo del pa\u00eds\u201d, dijo Maroto Illera.<\/p>\n","protected":false},"excerpt":{"rendered":"<p>A pesar de los momentos de incertidumbre jur\u00eddica ha prevalecido en meses pasados -como es el caso del&nbsp;freno a los proyectos verdes en materia energ\u00e9tica a Iberdrola-, los empresarios espa\u00f1oles&hellip;<\/p>\n","protected":false},"author":1,"featured_media":19128,"comment_status":"closed","ping_status":"open","sticky":false,"template":"","format":"standard","meta":{"footnotes":""},"categories":[180],"tags":[],"class_list":["post-19127","post","type-post","status-publish","format-standard","has-post-thumbnail","hentry","category-empresas"],"_links":{"self":[{"href":"https:\/\/transterrelogistics.com\/index.php\/wp-json\/wp\/v2\/posts\/19127","targetHints":{"allow":["GET"]}}],"collection":[{"href":"https:\/\/transterrelogistics.com\/index.php\/wp-json\/wp\/v2\/posts"}],"about":[{"href":"https:\/\/transterrelogistics.com\/index.php\/wp-json\/wp\/v2\/types\/post"}],"author":[{"embeddable":true,"href":"https:\/\/transterrelogistics.com\/index.php\/wp-json\/wp\/v2\/users\/1"}],"replies":[{"embeddable":true,"href":"https:\/\/transterrelogistics.com\/index.php\/wp-json\/wp\/v2\/comments?post=19127"}],"version-history":[{"count":1,"href":"https:\/\/transterrelogistics.com\/index.php\/wp-json\/wp\/v2\/posts\/19127\/revisions"}],"predecessor-version":[{"id":19129,"href":"https:\/\/transterrelogistics.com\/index.php\/wp-json\/wp\/v2\/posts\/19127\/revisions\/19129"}],"wp:featuredmedia":[{"embeddable":true,"href":"https:\/\/transterrelogistics.com\/index.php\/wp-json\/wp\/v2\/media\/19128"}],"wp:attachment":[{"href":"https:\/\/transterrelogistics.com\/index.php\/wp-json\/wp\/v2\/media?parent=19127"}],"wp:term":[{"taxonomy":"category","embeddable":true,"href":"https:\/\/transterrelogistics.com\/index.php\/wp-json\/wp\/v2\/categories?post=19127"},{"taxonomy":"post_tag","embeddable":true,"href":"https:\/\/transterrelogistics.com\/index.php\/wp-json\/wp\/v2\/tags?post=19127"}],"curies":[{"name":"wp","href":"https:\/\/api.w.org\/{rel}","templated":true}]}}