{"id":19320,"date":"2023-08-21T13:10:35","date_gmt":"2023-08-21T19:10:35","guid":{"rendered":"https:\/\/transterrelogistics.com\/?p=19320"},"modified":"2023-08-21T13:10:36","modified_gmt":"2023-08-21T19:10:36","slug":"pleito-por-maiz-empresas-temen-represalias-en-forma-de-aranceles","status":"publish","type":"post","link":"https:\/\/transterrelogistics.com\/index.php\/pleito-por-maiz-empresas-temen-represalias-en-forma-de-aranceles\/","title":{"rendered":"Pleito por ma\u00edz: empresas temen represalias en forma de aranceles"},"content":{"rendered":"\n<p>El presidente de la Concamin pugn\u00f3 al gobierno de Andr\u00e9s Manuel L\u00f3pez Obrador a que se evite un escenario negativo para la econom\u00eda mexicana y el cumplimiento del marco jur\u00eddico nacional, los acuerdos comerciales internacionales.<\/p>\n\n\n\n<p>M\u00e9xico perder\u00e1 en el panel de resoluci\u00f3n promovido por Estados Unidos por la <a href=\"https:\/\/www.eleconomista.com.mx\/empresas\/NOM-187-prohibira-uso-de-maiz-transgenico-en-masa-y-tortilla-20230704-0130.html\" target=\"_blank\" rel=\"noreferrer noopener\">prohibici\u00f3n de <strong>ma\u00edz transg\u00e9nico<\/strong><\/a> por carecer de fundamentos t\u00e9cnicos cient\u00edficos de da\u00f1o humano, por lo que productores de alimentos de origen animal e industriales temen la imposici\u00f3n de aranceles del gobierno estadounidense.<\/p>\n\n\n\n<p>Jos\u00e9 Abugaber, presidente de la Confederaci\u00f3n de C\u00e1maras Industriales (<strong>Concamin<\/strong>), dijo: \u201cVemos con preocupaci\u00f3n la instalaci\u00f3n de este panel, a nivel mundial ning\u00fan pa\u00eds se ha puesto en duda la <a href=\"https:\/\/www.eleconomista.com.mx\/empresas\/Economia-Mexico-defendera-politica-sobre-maiz-biotecnologico-20230602-0086.html\" target=\"_blank\" rel=\"noreferrer noopener\">inocuidad y seguridad<\/a> para consumo humano, el consumo de <strong>productos agropecuarios transg\u00e9nicos<\/strong>\u201d.<\/p>\n\n\n\n<p>En entrevista, V\u00edctor Manuel Ochoa Calder\u00f3n, presidente del Consejo Directivo del Consejo Nacional de Fabricantes de Alimentos Balanceados y de la Nutrici\u00f3n Animal (CONAFAB), anticip\u00f3 que \u201cvamos a perder (<a href=\"https:\/\/www.eleconomista.com.mx\/empresas\/Mexico-recibe-notificacion-de-USTR-para-establecer-panel-del-T-MEC-sobre-maiz-transgenico-20230817-0059.html\" target=\"_blank\" rel=\"noreferrer noopener\">en el panel interpuesto por EU<\/a>), porque no hay fundamentos t\u00e9cnicos-cient\u00edficos que avalen la restricci\u00f3n del Gobierno mexicano y los que pagar\u00e1n ser\u00e1n los mexicanos; porque el dinero que se usar\u00e1 para compensar o indemnizar saldr\u00e1 del dinero de los mexicanos (productores, industriales y consumidores)&#8221;.<\/p>\n\n\n\n<p>Con el anuncio de la instalaci\u00f3n del panel, \u201cestamos preocupados\u201d, sostuvo, \u201ces obvio que todos queremos cuidar la salud de los mexicanos, pero ese tema de los transg\u00e9nicos tiene un fondo ideol\u00f3gico (&#8230;) El Conahcyt no ha podido demostrar un solo dato que afirme que consumir un <strong>transg\u00e9nico<\/strong> genere da\u00f1os. Llevamos a\u00f1os consumiendo ese ma\u00edz y en todo el mundo se consume. Brasil lo usa y es un exportador neto y Estados Unidos tambi\u00e9n\u201d, argument\u00f3 el representante de productores de alimentos de origen animal y que son grandes consumidores del ma\u00edz gen\u00e9ticamente modificado.<\/p>\n\n\n\n<p>El presidente de la <strong>Concamin<\/strong> pugn\u00f3 al gobierno de Andr\u00e9s Manuel L\u00f3pez Obrador a que se evite un escenario negativo para la econom\u00eda mexicana y el cumplimiento del marco jur\u00eddico nacional, los acuerdos comerciales internacionales.<\/p>\n\n\n\n<p>\u201cEl incumplimiento del T-MEC impactar\u00e1 principalmente a los productores agropecuarios mexicanos, a trav\u00e9s de una imposici\u00f3n de aranceles que haga el gobierno estadounidense\u201d, alert\u00f3 Jos\u00e9 Abugaber.<\/p>\n\n\n\n<p>El l\u00edder de los industriales del pa\u00eds mencion\u00f3 que existe gran preocupaci\u00f3n, y \u201cvemos con mucho inter\u00e9s el tema, pues el ma\u00edz intervienen muchos cadenas productivas, tiene m\u00e1s de 30,000 productos en un supermercado. S\u00ed vemos con preocupaci\u00f3n este panel\u201d.<\/p>\n\n\n\n<p>Confiamos en que, hasta el momento, la<strong> Secretar\u00eda de Econom\u00eda<\/strong> al frente de Raquel Buenrostro ha hecho una labor muy interesante con la relaci\u00f3n entre Estados Unidos y M\u00e9xico, de modo que esperan di\u00e1logo y comunicaci\u00f3n.<\/p>\n","protected":false},"excerpt":{"rendered":"<p>El presidente de la Concamin pugn\u00f3 al gobierno de Andr\u00e9s Manuel L\u00f3pez Obrador a que se evite un escenario negativo para la econom\u00eda mexicana y el cumplimiento del marco jur\u00eddico&hellip;<\/p>\n","protected":false},"author":1,"featured_media":19321,"comment_status":"closed","ping_status":"open","sticky":false,"template":"","format":"standard","meta":{"footnotes":""},"categories":[180],"tags":[],"class_list":["post-19320","post","type-post","status-publish","format-standard","has-post-thumbnail","hentry","category-empresas"],"_links":{"self":[{"href":"https:\/\/transterrelogistics.com\/index.php\/wp-json\/wp\/v2\/posts\/19320","targetHints":{"allow":["GET"]}}],"collection":[{"href":"https:\/\/transterrelogistics.com\/index.php\/wp-json\/wp\/v2\/posts"}],"about":[{"href":"https:\/\/transterrelogistics.com\/index.php\/wp-json\/wp\/v2\/types\/post"}],"author":[{"embeddable":true,"href":"https:\/\/transterrelogistics.com\/index.php\/wp-json\/wp\/v2\/users\/1"}],"replies":[{"embeddable":true,"href":"https:\/\/transterrelogistics.com\/index.php\/wp-json\/wp\/v2\/comments?post=19320"}],"version-history":[{"count":1,"href":"https:\/\/transterrelogistics.com\/index.php\/wp-json\/wp\/v2\/posts\/19320\/revisions"}],"predecessor-version":[{"id":19322,"href":"https:\/\/transterrelogistics.com\/index.php\/wp-json\/wp\/v2\/posts\/19320\/revisions\/19322"}],"wp:featuredmedia":[{"embeddable":true,"href":"https:\/\/transterrelogistics.com\/index.php\/wp-json\/wp\/v2\/media\/19321"}],"wp:attachment":[{"href":"https:\/\/transterrelogistics.com\/index.php\/wp-json\/wp\/v2\/media?parent=19320"}],"wp:term":[{"taxonomy":"category","embeddable":true,"href":"https:\/\/transterrelogistics.com\/index.php\/wp-json\/wp\/v2\/categories?post=19320"},{"taxonomy":"post_tag","embeddable":true,"href":"https:\/\/transterrelogistics.com\/index.php\/wp-json\/wp\/v2\/tags?post=19320"}],"curies":[{"name":"wp","href":"https:\/\/api.w.org\/{rel}","templated":true}]}}