{"id":19389,"date":"2024-01-23T20:40:19","date_gmt":"2024-01-24T02:40:19","guid":{"rendered":"https:\/\/transterrelogistics.com\/?p=19389"},"modified":"2024-01-23T20:40:20","modified_gmt":"2024-01-24T02:40:20","slug":"maersk-desviara-barcos-lejos-del-mar-rojo-durante-el-futuro-predecible","status":"publish","type":"post","link":"https:\/\/transterrelogistics.com\/index.php\/maersk-desviara-barcos-lejos-del-mar-rojo-durante-el-futuro-predecible\/","title":{"rendered":"Maersk desviar\u00e1 barcos lejos del mar Rojo durante &#8220;el futuro predecible&#8221;"},"content":{"rendered":"\n<p>De acuerdo con la compa\u00f1\u00eda, la situaci\u00f3n&nbsp;sigue siendo muy vol\u00e1til, y toda la inteligencia disponible confirma que el riesgo de seguridad contin\u00faa en un nivel significativamente alto.<\/p>\n\n\n\n<p><a href=\"https:\/\/api.whatsapp.com\/send?text=https%3A%2F%2Fwww.eleconomista.com.mx%2Fempresas%2FMaersk-desviara-barcos-lejos-del-mar-Rojo-durante-el-futuro-predecible-20240105-0018.html\" target=\"_blank\" rel=\"noreferrer noopener\"><\/a><a href=\"https:\/\/twitter.com\/intent\/tweet?text=Maersk%20desviar%C3%A1%20barcos%20lejos%20del%20mar%20Rojo%20durante%20%22el%20futuro%20predecible%22?&amp;url=https%3A%2F%2Fwww.eleconomista.com.mx%2Fempresas%2FMaersk-desviara-barcos-lejos-del-mar-Rojo-durante-el-futuro-predecible-20240105-0018.html\" target=\"_blank\" rel=\"noreferrer noopener\"><\/a><a href=\"https:\/\/www.facebook.com\/sharer\/sharer.php?u=https%3A%2F%2Fwww.eleconomista.com.mx%2Fempresas%2FMaersk-desviara-barcos-lejos-del-mar-Rojo-durante-el-futuro-predecible-20240105-0018.html\" target=\"_blank\" rel=\"noreferrer noopener\"><\/a><a href=\"https:\/\/www.linkedin.com\/sharing\/share-offsite\/?url=https%3A%2F%2Fwww.eleconomista.com.mx%2Fempresas%2FMaersk-desviara-barcos-lejos-del-mar-Rojo-durante-el-futuro-predecible-20240105-0018.html\" target=\"_blank\" rel=\"noreferrer noopener\"><\/a><\/p>\n\n\n\n<p>Todos los barcos de<strong>&nbsp;Maersk<\/strong>&nbsp;que deben transitar por el mar Rojo y el golfo de Ad\u00e9n ser\u00e1n desviados hacia el cabo de Buena Esperanza en \u00c1frica en el futuro predecible, dijo la compa\u00f1\u00eda danesa en un comunicado el viernes.<\/p>\n\n\n\n<p>El 2 de enero, Maersk dijo que detendr\u00eda todos los buques con destino al mar Rojo y, por lo tanto, al atajo del canal de Suez entre Europa y Asia, luego de un ataque a uno de sus barcos por parte de militantes hut\u00edes de Yemen, y desde entonces ha comenzado a redirigirlos alrededor de \u00c1frica.<\/p>\n\n\n\n<p>&#8220;La situaci\u00f3n evoluciona constantemente y sigue siendo muy vol\u00e1til, y toda la inteligencia disponible confirma que el riesgo de seguridad contin\u00faa en un nivel significativamente alto&#8221;, dijo Maersk el viernes.<\/p>\n\n\n\n<p><embed type=\"video\/webm\" src=\"https:\/\/geo.dailymotion.com\/player\/x9ws1.html?playlist=x7lrcy&amp;mute=1\" width=\"100%\" height=\"100%\"><\/p>\n\n\n\n<p>&#8220;Por lo tanto, hemos decidido que todos los buques de Maersk que transiten por el mar Rojo (y) el golfo de Ad\u00e9n ser\u00e1n desviados hacia el sur, alrededor del cabo de Buena Esperanza, en el futuro predecible&#8221;, dijo.<\/p>\n","protected":false},"excerpt":{"rendered":"<p>De acuerdo con la compa\u00f1\u00eda, la situaci\u00f3n&nbsp;sigue siendo muy vol\u00e1til, y toda la inteligencia disponible confirma que el riesgo de seguridad contin\u00faa en un nivel significativamente alto. Todos los barcos&hellip;<\/p>\n","protected":false},"author":1,"featured_media":19391,"comment_status":"closed","ping_status":"open","sticky":false,"template":"","format":"standard","meta":{"footnotes":""},"categories":[180],"tags":[],"class_list":["post-19389","post","type-post","status-publish","format-standard","has-post-thumbnail","hentry","category-empresas"],"_links":{"self":[{"href":"https:\/\/transterrelogistics.com\/index.php\/wp-json\/wp\/v2\/posts\/19389","targetHints":{"allow":["GET"]}}],"collection":[{"href":"https:\/\/transterrelogistics.com\/index.php\/wp-json\/wp\/v2\/posts"}],"about":[{"href":"https:\/\/transterrelogistics.com\/index.php\/wp-json\/wp\/v2\/types\/post"}],"author":[{"embeddable":true,"href":"https:\/\/transterrelogistics.com\/index.php\/wp-json\/wp\/v2\/users\/1"}],"replies":[{"embeddable":true,"href":"https:\/\/transterrelogistics.com\/index.php\/wp-json\/wp\/v2\/comments?post=19389"}],"version-history":[{"count":1,"href":"https:\/\/transterrelogistics.com\/index.php\/wp-json\/wp\/v2\/posts\/19389\/revisions"}],"predecessor-version":[{"id":19392,"href":"https:\/\/transterrelogistics.com\/index.php\/wp-json\/wp\/v2\/posts\/19389\/revisions\/19392"}],"wp:featuredmedia":[{"embeddable":true,"href":"https:\/\/transterrelogistics.com\/index.php\/wp-json\/wp\/v2\/media\/19391"}],"wp:attachment":[{"href":"https:\/\/transterrelogistics.com\/index.php\/wp-json\/wp\/v2\/media?parent=19389"}],"wp:term":[{"taxonomy":"category","embeddable":true,"href":"https:\/\/transterrelogistics.com\/index.php\/wp-json\/wp\/v2\/categories?post=19389"},{"taxonomy":"post_tag","embeddable":true,"href":"https:\/\/transterrelogistics.com\/index.php\/wp-json\/wp\/v2\/tags?post=19389"}],"curies":[{"name":"wp","href":"https:\/\/api.w.org\/{rel}","templated":true}]}}