{"id":19491,"date":"2024-07-23T21:36:34","date_gmt":"2024-07-24T03:36:34","guid":{"rendered":"https:\/\/transterrelogistics.com\/?p=19491"},"modified":"2024-07-23T21:36:35","modified_gmt":"2024-07-24T03:36:35","slug":"comercio-mundial-de-mercancias-crecio-1-4-en-el-primer-trimestre-de-2024","status":"publish","type":"post","link":"https:\/\/transterrelogistics.com\/index.php\/comercio-mundial-de-mercancias-crecio-1-4-en-el-primer-trimestre-de-2024\/","title":{"rendered":"Comercio mundial de mercanc\u00edas creci\u00f3 1.4% en el primer trimestre de 2024"},"content":{"rendered":"\n<p>En el informe \u201cPerspectivas y estad\u00edsticas sobre el comercio mundial\u201d, los economistas de la OMC se\u00f1alan que las presiones inflacionistas deber\u00edan disminuir este a\u00f1o y permitir que los ingresos reales vuelvan a aumentar, en particular en las econom\u00edas avanzadas, lo que dar\u00e1 un impulso al consumo de productos manufacturados.<\/p>\n\n\n\n<p><a href=\"https:\/\/api.whatsapp.com\/send?text=https%3A%2F%2Fwww.eleconomista.com.mx%2Fempresas%2FComercio-mundial-de-mercancias-crecio-1.4-en-el-primer-trimestre-de-2024-20240702-0082.html\" target=\"_blank\" rel=\"noreferrer noopener\"><\/a><a href=\"https:\/\/twitter.com\/intent\/tweet?text=Comercio%20mundial%20de%20mercanc%C3%ADas%20creci%C3%B3%201.4%25%20en%20el%20primer%20trimestre%20de%202024&amp;url=https%3A%2F%2Fwww.eleconomista.com.mx%2Fempresas%2FComercio-mundial-de-mercancias-crecio-1.4-en-el-primer-trimestre-de-2024-20240702-0082.html\" target=\"_blank\" rel=\"noreferrer noopener\"><\/a><a href=\"https:\/\/www.facebook.com\/sharer\/sharer.php?u=https%3A%2F%2Fwww.eleconomista.com.mx%2Fempresas%2FComercio-mundial-de-mercancias-crecio-1.4-en-el-primer-trimestre-de-2024-20240702-0082.html\" target=\"_blank\" rel=\"noreferrer noopener\"><\/a><a href=\"https:\/\/www.linkedin.com\/sharing\/share-offsite\/?url=https%3A%2F%2Fwww.eleconomista.com.mx%2Fempresas%2FComercio-mundial-de-mercancias-crecio-1.4-en-el-primer-trimestre-de-2024-20240702-0082.html\" target=\"_blank\" rel=\"noreferrer noopener\"><\/a><\/p>\n\n\n\n<p>El volumen del&nbsp;<a href=\"https:\/\/www.eleconomista.com.mx\/empresas\/El-comercio-mundial-de-productos-crecera-2.6-en-2024-y-3.3-en-2025-OMC-20240410-0045.html\" target=\"_blank\" rel=\"noreferrer noopener\"><strong>comercio de mercanc\u00edas<\/strong><\/a>&nbsp;creci\u00f3 a una tasa interanual de 1.4% en el primer trimestre de 2024, inform\u00f3 este martes la&nbsp;<strong>Organizaci\u00f3n Mundial de Comercio<\/strong>&nbsp;(OMC).<\/p>\n\n\n\n<p>La\u00a0<strong>OMC<\/strong>\u00a0mide este indicador como el promedio de las exportaciones e importaciones globales.<a href=\"https:\/\/www.eleconomista.com.mx\/economia\/Tecnificar-a-las-aduanas-es-positivo-y-necesario-se-requiere-inversion-y-coordinacion-20240527-0139.html\" target=\"_blank\" rel=\"noreferrer noopener\"> \u201ctecnifiquen\u201d las aduanas<\/a>\u00a0del pa\u00eds para hacerlas m\u00e1s eficiente e incrementar la recaudaci\u00f3n de impuestos en 250,000 millones de pesos al a\u00f1o.<\/p>\n\n\n\n<p>Si se compara con el trimestre inmediato anterior (octubre-diciembre de 2023), el volumen del comercio mundial de productos aument\u00f3 1.0 por ciento.<\/p>\n\n\n\n<p>Hacia adelante, la&nbsp;<strong>OMC<\/strong>&nbsp;espera que el&nbsp;<a href=\"https:\/\/www.eleconomista.com.mx\/empresas\/Exportaciones-mexicanas-caen-1.5-e-importaciones-1-durante-enero-20240227-0023.html\" target=\"_blank\" rel=\"noreferrer noopener\">comercio mundial de mercanc\u00edas se recupere gradualmente<\/a>&nbsp;en 2024 tras la contracci\u00f3n experimentada en 2023, impulsada por los persistentes efectos de los elevados precios de la energ\u00eda y la inflaci\u00f3n.<\/p>\n\n\n\n<p>Seg\u00fan las proyecciones de esta Organizaci\u00f3n, el volumen del comercio mundial de mercanc\u00edas deber\u00eda aumentar 2.6% en 2024 y 3.3% en 2025, tras la disminuci\u00f3n de 1.2% registrada en 2023.<\/p>\n\n\n\n<p>Sin embargo, debido a los conflictos regionales, las tensiones geopol\u00edticas y la incertidumbre acerca de la pol\u00edtica econ\u00f3mica, existe un gran riesgo de tener que revisar esos valores a la baja.<\/p>\n\n\n\n<p>En el informe \u201c<strong>Perspectivas y estad\u00edsticas sobre el comercio mundial<\/strong>\u201d, los economistas de la&nbsp;<strong>OMC<\/strong>&nbsp;se\u00f1alan que las presiones inflacionistas deber\u00edan disminuir este a\u00f1o y permitir que los ingresos reales vuelvan a aumentar, en particular en las econom\u00edas avanzadas, lo que dar\u00e1 un impulso al consumo de productos manufacturados.<\/p>\n\n\n\n<p>Ya se observa claramente la recuperaci\u00f3n de la demanda de productos en 2024, con unos \u00edndices de nuevos pedidos de exportaci\u00f3n que apuntan a una mejora de las condiciones para el comercio a comienzos de a\u00f1o.<\/p>\n\n\n\n<p>La directora general de la OMC, Ngozi Okonjo-Iweala, afirm\u00f3: \u201cEstamos avanzando hacia la recuperaci\u00f3n del comercio mundial, gracias a la resiliencia de las cadenas de suministro y al s\u00f3lido marco multilateral de comercio, que son fundamentales para mejorar los medios de subsistencia y el bienestar. Es imperativo que mitiguemos riesgos como los conflictos geopol\u00edticos y la fragmentaci\u00f3n del comercio para mantener el crecimiento econ\u00f3mico y la estabilidad\u201d.<\/p>\n\n\n\n<p>Los elevados precios de la&nbsp;<strong>energ\u00eda<\/strong>&nbsp;y la<strong>&nbsp;inflaci\u00f3n<\/strong>&nbsp;siguieron pesando considerablemente sobre la demanda de productos manufacturados, lo que dio lugar a una disminuci\u00f3n de 1.2% del volumen del comercio mundial de mercanc\u00edas en 2023.<\/p>\n\n\n\n<p>El descenso fue mayor en t\u00e9rminos de valor, y las exportaciones de mercanc\u00edas disminuyeron 5% hasta situarse en 24.01 billones de d\u00f3lares.<\/p>\n\n\n\n<p>La evoluci\u00f3n del comercio en el sector de los servicios fue m\u00e1s alentadora: las exportaciones de servicios comerciales aumentaron 9%, hasta alcanzar un valor de 7.54 billones de d\u00f3lares, lo que compens\u00f3 en parte la disminuci\u00f3n del comercio de mercanc\u00edas.<\/p>\n\n\n\n<p>Los vol\u00famenes de importaci\u00f3n disminuyeron en la mayor\u00eda de las regiones, pero especialmente en Europa, donde registraron una brusca ca\u00edda.<\/p>\n\n\n\n<p>Las principales excepciones fueron las grandes econom\u00edas exportadoras de combustibles, cuyas importaciones se vieron sostenidas por fuertes ingresos de exportaci\u00f3n, ya que los precios de la energ\u00eda siguieron siendo elevados en comparaci\u00f3n con los niveles hist\u00f3ricos.<\/p>\n\n\n\n<p>El&nbsp;<strong>comercio mundial<\/strong>&nbsp;se mantuvo muy por encima de su nivel anterior a la pandemia a lo largo de 2023. En el cuarto trimestre su nivel era pr\u00e1cticamente id\u00e9ntico al registrado en el mismo per\u00edodo en 2022 (+0.1%) y solo hab\u00eda aumentado ligeramente en comparaci\u00f3n con el mismo per\u00edodo en 2021 (+0.5 por ciento).<\/p>\n","protected":false},"excerpt":{"rendered":"<p>En el informe \u201cPerspectivas y estad\u00edsticas sobre el comercio mundial\u201d, los economistas de la OMC se\u00f1alan que las presiones inflacionistas deber\u00edan disminuir este a\u00f1o y permitir que los ingresos reales&hellip;<\/p>\n","protected":false},"author":6,"featured_media":19492,"comment_status":"closed","ping_status":"open","sticky":false,"template":"","format":"standard","meta":{"footnotes":""},"categories":[180],"tags":[],"class_list":["post-19491","post","type-post","status-publish","format-standard","has-post-thumbnail","hentry","category-empresas"],"_links":{"self":[{"href":"https:\/\/transterrelogistics.com\/index.php\/wp-json\/wp\/v2\/posts\/19491","targetHints":{"allow":["GET"]}}],"collection":[{"href":"https:\/\/transterrelogistics.com\/index.php\/wp-json\/wp\/v2\/posts"}],"about":[{"href":"https:\/\/transterrelogistics.com\/index.php\/wp-json\/wp\/v2\/types\/post"}],"author":[{"embeddable":true,"href":"https:\/\/transterrelogistics.com\/index.php\/wp-json\/wp\/v2\/users\/6"}],"replies":[{"embeddable":true,"href":"https:\/\/transterrelogistics.com\/index.php\/wp-json\/wp\/v2\/comments?post=19491"}],"version-history":[{"count":1,"href":"https:\/\/transterrelogistics.com\/index.php\/wp-json\/wp\/v2\/posts\/19491\/revisions"}],"predecessor-version":[{"id":19493,"href":"https:\/\/transterrelogistics.com\/index.php\/wp-json\/wp\/v2\/posts\/19491\/revisions\/19493"}],"wp:featuredmedia":[{"embeddable":true,"href":"https:\/\/transterrelogistics.com\/index.php\/wp-json\/wp\/v2\/media\/19492"}],"wp:attachment":[{"href":"https:\/\/transterrelogistics.com\/index.php\/wp-json\/wp\/v2\/media?parent=19491"}],"wp:term":[{"taxonomy":"category","embeddable":true,"href":"https:\/\/transterrelogistics.com\/index.php\/wp-json\/wp\/v2\/categories?post=19491"},{"taxonomy":"post_tag","embeddable":true,"href":"https:\/\/transterrelogistics.com\/index.php\/wp-json\/wp\/v2\/tags?post=19491"}],"curies":[{"name":"wp","href":"https:\/\/api.w.org\/{rel}","templated":true}]}}