{"id":19499,"date":"2024-07-30T09:00:00","date_gmt":"2024-07-30T15:00:00","guid":{"rendered":"https:\/\/transterrelogistics.com\/?p=19499"},"modified":"2024-07-29T00:09:02","modified_gmt":"2024-07-29T06:09:02","slug":"se-extiende-atonia-del-comercio-minorista-en-mayo","status":"publish","type":"post","link":"https:\/\/transterrelogistics.com\/index.php\/se-extiende-atonia-del-comercio-minorista-en-mayo\/","title":{"rendered":"Se extiende aton\u00eda del comercio minorista en mayo"},"content":{"rendered":"\n<p>El crecimiento de los ingresos se desaceler\u00f3 a 0.1% mensual tras avanzar 0.5% en abril; de forma acumulada la expansi\u00f3n es de apenas 0.8%, lo que contrasta con el salto de 4.4% que se observ\u00f3 en el 2023.<\/p>\n\n\n\n<p>En mayo los ingresos por ventas al menudeo en M\u00e9xico bajaron nuevamente el ritmo y abonaron al letargo que vienen mostrando desde hace casi un a\u00f1o.<\/p>\n\n\n\n<p>Durante el quinto mes del a\u00f1o crecieron apenas 0.1% mensual, tras avanzar 0.5% en abril, con lo que se mantienen todav\u00eda 1.6% por debajo de su \u00faltimo pico, observado en junio del 2023, muestran los datos de la Encuesta Mensual de Empresas Comerciales (EMEC), reportados este lunes por el Instituto Nacional de Geograf\u00eda y Estad\u00edstica (Inegi).<\/p>\n\n\n\n<p>En los \u00faltimos 12 meses, el indicador de&nbsp;<strong>ventas minoristas<\/strong>&nbsp;del Inegi ha mostrado retrocesos mensuales en ocho ocasiones, siendo las mayores las de diciembre y enero pasados (-1.0% y 0.7%, respectivamente).<\/p>\n\n\n\n<p>Con cifras acumuladas de enero a mayo, el freno es m\u00e1s evidente, pues la variable ha avanzado apenas 0.8% interanual, lo cual contrasta con la expansi\u00f3n de 4.4% que se observ\u00f3 en el mismo lapso del 2023.<\/p>\n\n\n\n<p>Volviendo a los datos \u00fanicamente de mayo, la&nbsp;<a href=\"https:\/\/www.eleconomista.com.mx\/empresas\/Consumo-privado-arranca-con-debilidad-el-2024-20240403-0064.html\" target=\"_blank\" rel=\"noreferrer noopener\">desaceleraci\u00f3n de la din\u00e1mica de ventas<\/a>&nbsp;reflej\u00f3 ca\u00eddas en 10 de las 22 categor\u00edas de mercanc\u00edas y canales de venta que mide el Inegi, aunque algunas de ellas, significativas, tanto en categor\u00edas de consumo discrecional (no b\u00e1sico) como no discrecional (b\u00e1sico).<\/p>\n\n\n\n<p>La mayor se observ\u00f3 en la categor\u00eda de ventas de motocicletas (-10.8%), seguida del rengl\u00f3n de abarrotes y alimentos (-5.5%), autom\u00f3viles y camionetas (-5.4%), partes y refacciones para autom\u00f3viles (-4.2%) y mascotas, regalos, art\u00edculos religiosos y desechables (-4.0 por ciento).<\/p>\n\n\n\n<p>En el lado opuesto, las categor\u00edas m\u00e1s din\u00e1micas fueron art\u00edculos perfumer\u00eda y joyer\u00eda (+7.5%), art\u00edculos para la decoraci\u00f3n de interiores (+6.0%), ropa, bisuter\u00eda y accesorios (+5.0%); muebles para el hogar (+4.5%) y art\u00edculos para el esparcimiento (+4.5 por ciento).<\/p>\n\n\n\n<p>Tras la hist\u00f3rica ca\u00edda de 8.5% que tuvieron en el 2020 debido a la pandemia de Covid-19 en el 2020, las ventas minoristas experimentaron una r\u00e1pida recuperaci\u00f3n en el 2021, con un rebote de 13.1 por ciento.<\/p>\n\n\n\n<p>En el 2022 se mantuvieron s\u00f3lidas con un avance de 7.2% y en el 2023 subieron ya \u00fanicamente 3.6%, aunque este crecimiento sigui\u00f3 estando por arriba del crecimiento de la econom\u00eda ese a\u00f1o (3.2 por ciento).<\/p>\n\n\n\n<p>Los detonadores han sido los altos niveles de empleo, la recuperaci\u00f3n del salario real, el hist\u00f3rico env\u00edo de remesas y la dispersi\u00f3n de programas sociales. No obstante, algunos de estos motores comienzan a mostrar signos de agotamiento.<\/p>\n\n\n\n<h2 class=\"wp-block-heading\">Empleo y remesas aflojan paso<\/h2>\n\n\n\n<p>Por ejemplo, en mayo el empleo formal se redujo en 25,203 plazas en comparaci\u00f3n con abril y la tasa de creaci\u00f3n se desaceler\u00f3 a 2.2% interanual, alej\u00e1ndose cada vez m\u00e1s del ritmo pico de 4.1% de mayo del 2023. A mayo, la creaci\u00f3n de empleo formal tambi\u00e9n se redujo 33.8% a 324,613 plazas, de acuerdo con cifras del&nbsp;<a href=\"https:\/\/www.eleconomista.com.mx\/politica\/Claudia-Sheinbaum-se-dice-abierta-a-recomendaciones-de-dejar-a-titulares-de-la-Cofepris-y-el-IMSS-20240717-0045.html\" target=\"_blank\" rel=\"noreferrer noopener\">Instituto Mexicano del Seguro Social (IMSS)<\/a>.<\/p>\n\n\n\n<p>La llegada de remesas del exterior tambi\u00e9n tropez\u00f3 0.9% a 5,624 millones de d\u00f3lares, haciendo que el de mayo fuera su segundo descalabro del a\u00f1o, luego del descenso de 3.4% de marzo.<\/p>\n\n\n\n<p>De forma acumulada, avanz\u00f3 1.9% a 25,129 millones de d\u00f3lares, alza inferior al desplazamiento de 9.6% del mismo lapso del 2023 y muy lejos del espectacular crecimiento de 22.5% que marcaba en el 2021.<\/p>\n\n\n\n<p>Por \u00faltimo, se observ\u00f3 un leve deterioro de la confianza del consumidor, con todo y que esta se mantiene, en general, en niveles hist\u00f3ricamente altos. En mayo baj\u00f3 0.4 puntos mensuales a 46.9, seg\u00fan cifras del \u00edndice desestacionalizado publicado por el Inegi.<\/p>\n\n\n\n<p>Por otro lado, cabe destacar que en el primer semestre del a\u00f1o se modificaron las fechas de dispersi\u00f3n de recursos de programas sociales federales (<a href=\"https:\/\/www.eleconomista.com.mx\/econohabitat\/Hipoteca-inversa-La-vivienda-como-alternativa-para-una-adecuada-pension-para-adultos-mayores-20230710-0041.html\" target=\"_blank\" rel=\"noreferrer noopener\">pensi\u00f3n para adultos mayores<\/a>, para personas con discapacidad y para madres trabajadoras), debido a la veda electoral que se present\u00f3 entre el 01 de marzo y hasta las elecciones federales del pasado 02 de junio.<\/p>\n\n\n\n<p>De modo que en febrero se adelant\u00f3 el pago de dos bimestres (marzo-abril y mayo-junio), lo cual pudo haber impactado la&nbsp;<strong>distribuci\u00f3n temporal del gasto<\/strong>&nbsp;de los consumidores que son beneficiarios de estos programas. Estos pagos se reactivaron a inicios de este mes de julio.<\/p>\n\n\n\n<figure class=\"wp-block-image size-large\"><img decoding=\"async\" src=\"https:\/\/servicargo.com.mx\/wp-content\/uploads\/2024\/07\/image-402x1024.png\" alt=\"\" class=\"wp-image-8907\"\/><\/figure>\n","protected":false},"excerpt":{"rendered":"<p>El crecimiento de los ingresos se desaceler\u00f3 a 0.1% mensual tras avanzar 0.5% en abril; de forma acumulada la expansi\u00f3n es de apenas 0.8%, lo que contrasta con el salto&hellip;<\/p>\n","protected":false},"author":1,"featured_media":19500,"comment_status":"closed","ping_status":"open","sticky":false,"template":"","format":"standard","meta":{"footnotes":""},"categories":[180],"tags":[],"class_list":["post-19499","post","type-post","status-publish","format-standard","has-post-thumbnail","hentry","category-empresas"],"_links":{"self":[{"href":"https:\/\/transterrelogistics.com\/index.php\/wp-json\/wp\/v2\/posts\/19499","targetHints":{"allow":["GET"]}}],"collection":[{"href":"https:\/\/transterrelogistics.com\/index.php\/wp-json\/wp\/v2\/posts"}],"about":[{"href":"https:\/\/transterrelogistics.com\/index.php\/wp-json\/wp\/v2\/types\/post"}],"author":[{"embeddable":true,"href":"https:\/\/transterrelogistics.com\/index.php\/wp-json\/wp\/v2\/users\/1"}],"replies":[{"embeddable":true,"href":"https:\/\/transterrelogistics.com\/index.php\/wp-json\/wp\/v2\/comments?post=19499"}],"version-history":[{"count":1,"href":"https:\/\/transterrelogistics.com\/index.php\/wp-json\/wp\/v2\/posts\/19499\/revisions"}],"predecessor-version":[{"id":19501,"href":"https:\/\/transterrelogistics.com\/index.php\/wp-json\/wp\/v2\/posts\/19499\/revisions\/19501"}],"wp:featuredmedia":[{"embeddable":true,"href":"https:\/\/transterrelogistics.com\/index.php\/wp-json\/wp\/v2\/media\/19500"}],"wp:attachment":[{"href":"https:\/\/transterrelogistics.com\/index.php\/wp-json\/wp\/v2\/media?parent=19499"}],"wp:term":[{"taxonomy":"category","embeddable":true,"href":"https:\/\/transterrelogistics.com\/index.php\/wp-json\/wp\/v2\/categories?post=19499"},{"taxonomy":"post_tag","embeddable":true,"href":"https:\/\/transterrelogistics.com\/index.php\/wp-json\/wp\/v2\/tags?post=19499"}],"curies":[{"name":"wp","href":"https:\/\/api.w.org\/{rel}","templated":true}]}}