{"id":19535,"date":"2024-09-17T22:00:00","date_gmt":"2024-09-18T04:00:00","guid":{"rendered":"https:\/\/transterrelogistics.com\/?p=19535"},"modified":"2024-09-10T12:42:09","modified_gmt":"2024-09-10T18:42:09","slug":"preocupa-afectacion-sistemica-al-t-mec-exnegociador","status":"publish","type":"post","link":"https:\/\/transterrelogistics.com\/index.php\/preocupa-afectacion-sistemica-al-t-mec-exnegociador\/","title":{"rendered":"Preocupa afectaci\u00f3n sist\u00e9mica al T-MEC: exnegociador"},"content":{"rendered":"\n<p>Kenneth Smith, especialista en comercio internacional,&nbsp;acot\u00f3 que el equipo de gobierno de la presidente electa, Claudia Sheinbaum, ha declarado que se atenuar\u00e1n ciertos cambios constitucionales con las leyes secundarias.&nbsp;<\/p>\n\n\n\n<p><a href=\"https:\/\/api.whatsapp.com\/send?text=https%3A%2F%2Fwww.eleconomista.com.mx%2Fempresas%2FEl-gobierno-de-EU-ve-afectacion-sistemica-al-T-MEC-por-reforma-judicial-Kenneth-Smith-20240904-0073.html\" target=\"_blank\" rel=\"noreferrer noopener\"><\/a><a href=\"https:\/\/twitter.com\/intent\/tweet?text=Preocupa%20afectaci%C3%B3n%20sist%C3%A9mica%20al%20T-MEC%3A%20exnegociador&amp;url=https%3A%2F%2Fwww.eleconomista.com.mx%2Fempresas%2FEl-gobierno-de-EU-ve-afectacion-sistemica-al-T-MEC-por-reforma-judicial-Kenneth-Smith-20240904-0073.html\" target=\"_blank\" rel=\"noreferrer noopener\"><\/a><a href=\"https:\/\/www.facebook.com\/sharer\/sharer.php?u=https%3A%2F%2Fwww.eleconomista.com.mx%2Fempresas%2FEl-gobierno-de-EU-ve-afectacion-sistemica-al-T-MEC-por-reforma-judicial-Kenneth-Smith-20240904-0073.html\" target=\"_blank\" rel=\"noreferrer noopener\"><\/a><a href=\"https:\/\/www.linkedin.com\/sharing\/share-offsite\/?url=https%3A%2F%2Fwww.eleconomista.com.mx%2Fempresas%2FEl-gobierno-de-EU-ve-afectacion-sistemica-al-T-MEC-por-reforma-judicial-Kenneth-Smith-20240904-0073.html\" target=\"_blank\" rel=\"noreferrer noopener\"><\/a><\/p>\n\n\n\n<p>Al gobierno de Estados Unidos le preocupa que la <a href=\"https:\/\/www.eleconomista.com.mx\/politica\/Diputados-aprueban-en-lo-particular-reforma-al-Poder-Judicial-pasa-a-la-Camara-de-Senadores-20240904-0029.html\" target=\"_blank\" rel=\"noreferrer noopener\">reforma al Poder Judicial<\/a> en M\u00e9xico propicie una afectaci\u00f3n sist\u00e9mica al Tratado entre M\u00e9xico, Estados Unidos y Canad\u00e1 (T<strong>-MEC<\/strong>), destac\u00f3 Kenneth Smith, especialista en comercio internacional y socio de AGON.<\/p>\n\n\n\n<p>Actualmente en el Congreso de la Uni\u00f3n avanza una reforma que permitir\u00eda la elecci\u00f3n por voto popular de todos los jueces de M\u00e9xico, adem\u00e1s de otra iniciativa que propone la desaparici\u00f3n de varios \u00f3rganos aut\u00f3nomos, entre ellos el <a href=\"https:\/\/www.eleconomista.com.mx\/empresas\/El-T-MEC-impide-desaparecer-al-IFT-como-lo-ha-planteado-Lopez-Obrador-20231212-0094.html\" target=\"_blank\" rel=\"noreferrer noopener\">Instituto Federal de Telecomunicaciones<\/a> (<strong>IFT<\/strong>).<\/p>\n\n\n\n<p>Smith expuso que en el Cap\u00edtulo 29 del <strong>T-MEC<\/strong> se establece un principio b\u00e1sico relacionado con el <strong>Poder Judicial<\/strong>, en el que los tres pa\u00edses se comprometen a tener una serie de reglas comerciales, pero tambi\u00e9n un <strong>marco constitucional<\/strong> que permita cumplir con sus respectivos compromisos.<\/p>\n\n\n\n<p>\u201cAh\u00ed se se\u00f1ala que cualquier acto de gobierno que pudiera afectar los compromisos del Tratado puede ser revisado por tribunales imparciales y procesos judiciales que est\u00e9n separados del Poder Ejecutivo y de las autoridades que tomaron a cabo las decisiones que afectan al Tratado\u201d, argument\u00f3.<\/p>\n\n\n\n<p>En su opini\u00f3n, s\u00ed hay por lo tanto una menci\u00f3n espec\u00edfica del <strong>Poder Judicial<\/strong> en el<strong> T-MEC<\/strong> y por el gran impacto de la reforma en M\u00e9xico ha surgido la \u201creacci\u00f3n m\u00e1s fuerte\u201d por parte del gobierno de Estados Unidos a lo largo del sexenio del presidente Andr\u00e9s Manuel L\u00f3pez Obrador.<\/p>\n\n\n\n<p>\u201cNo vimos una reacci\u00f3n as\u00ed ni con la primera vez que impuls\u00f3 la reforma constitucional en materia de energ\u00eda el presidente L\u00f3pez Obrador\u201d, agreg\u00f3 Smith al participar en la Tercera Convenci\u00f3n de la <a href=\"https:\/\/www.eleconomista.com.mx\/politica\/Preocupa-a-la-American-Society-de-Mexico-que-la-reforma-al-Poder-Judicial-no-aborde-la-corrupcion-20240903-0080.html\" target=\"_blank\" rel=\"noreferrer noopener\">American Society de M\u00e9xico<\/a> (<strong>AmSoc<\/strong>), en la Ciudad de M\u00e9xico.<\/p>\n\n\n\n<p>\u00bfPor qu\u00e9 surge esta preocupaci\u00f3n tan fuerte por parte de Estados Unidos? La respuesta de Smith: \u201cPorque no estamos hablando de un caso aislado donde hay una violaci\u00f3n de acceso a mercado a un producto o una regulaci\u00f3n que afecte a un solo sector; es un tema sist\u00e9mico, es transversal, es afectar el paraguas del Tratado donde se establece esta garant\u00eda de que va a haber una imparticion de justicia transparente e imparcial\u201d.<\/p>\n\n\n\n<p>Smith acot\u00f3 que el equipo de gobierno de la presidente electa, Claudia Sheinbaum, ha declarado que se atenuar\u00e1n ciertos cambios constitucionales con las leyes secundarias.<\/p>\n\n\n\n<p>Por su parte, Juan Carlos Baker, exsubsecretario de<strong> Comercio Exterior de la Secretar\u00eda de Econom\u00eda<\/strong> y socio fundador de Ansley-Consultores, proyect\u00f3 que habr\u00e1 una reacci\u00f3n pronta -antes de la revisi\u00f3n del T-MEC en 2026- del gobierno estadounidense, si se aprueba la reforma judicial como originalmente est\u00e1 planteada.<\/p>\n\n\n\n<p>\u201cHay a lo largo de muchos cap\u00edtulos del Tratado compromisos en donde lo que hay detr\u00e1s es la garant\u00eda del Estado de derecho, de que las reglas se van a respetar, de que va a haber una certidumbre para los inversionistas\u201d, dijo Baker en el mismo evento.<\/p>\n\n\n\n<p>\u201cAl tratar de pasar una reforma con todos los comentarios y se\u00f1alamientos que ya se han hecho y que todos hemos escuchado y que no voy a ahondar, creo que s\u00ed genera un ambiente que no parece ir en la misma direcci\u00f3n que el objetivo del T-MEC\u201d, a\u00f1adi\u00f3.<\/p>\n\n\n\n<h2 class=\"wp-block-heading\">Integraci\u00f3n econ\u00f3mica<\/h2>\n\n\n\n<p>Ayer mi\u00e9rcoles el embajador de EU en M\u00e9xico, Ken Salazar, se\u00f1al\u00f3 que la integraci\u00f3n econ\u00f3mica binacional va a seguir. \u201cYa yo di mis comentarios sobre las reformas (en el Congreso mexicano) y de cualquier manera todo eso va a trascender y vamos a llegar y vamos en buen camino\u201d, coment\u00f3 durante la Tercera Convenci\u00f3n de la AmSoc.<\/p>\n\n\n\n<p>Adem\u00e1s, Salazar consider\u00f3 que el presidente Andr\u00e9s Manuel L\u00f3pez Obrador ha \u201cdado la vida por M\u00e9xico\u201d y se puede proclamar como \u201cun campe\u00f3n muy importante\u201d para la integraci\u00f3n en Norteam\u00e9rica y del T-MEC.<\/p>\n","protected":false},"excerpt":{"rendered":"<p>Kenneth Smith, especialista en comercio internacional,&nbsp;acot\u00f3 que el equipo de gobierno de la presidente electa, Claudia Sheinbaum, ha declarado que se atenuar\u00e1n ciertos cambios constitucionales con las leyes secundarias.&nbsp; Al&hellip;<\/p>\n","protected":false},"author":1,"featured_media":19536,"comment_status":"closed","ping_status":"open","sticky":false,"template":"","format":"standard","meta":{"footnotes":""},"categories":[1],"tags":[],"class_list":["post-19535","post","type-post","status-publish","format-standard","has-post-thumbnail","hentry","category-uncategorized"],"_links":{"self":[{"href":"https:\/\/transterrelogistics.com\/index.php\/wp-json\/wp\/v2\/posts\/19535","targetHints":{"allow":["GET"]}}],"collection":[{"href":"https:\/\/transterrelogistics.com\/index.php\/wp-json\/wp\/v2\/posts"}],"about":[{"href":"https:\/\/transterrelogistics.com\/index.php\/wp-json\/wp\/v2\/types\/post"}],"author":[{"embeddable":true,"href":"https:\/\/transterrelogistics.com\/index.php\/wp-json\/wp\/v2\/users\/1"}],"replies":[{"embeddable":true,"href":"https:\/\/transterrelogistics.com\/index.php\/wp-json\/wp\/v2\/comments?post=19535"}],"version-history":[{"count":1,"href":"https:\/\/transterrelogistics.com\/index.php\/wp-json\/wp\/v2\/posts\/19535\/revisions"}],"predecessor-version":[{"id":19537,"href":"https:\/\/transterrelogistics.com\/index.php\/wp-json\/wp\/v2\/posts\/19535\/revisions\/19537"}],"wp:featuredmedia":[{"embeddable":true,"href":"https:\/\/transterrelogistics.com\/index.php\/wp-json\/wp\/v2\/media\/19536"}],"wp:attachment":[{"href":"https:\/\/transterrelogistics.com\/index.php\/wp-json\/wp\/v2\/media?parent=19535"}],"wp:term":[{"taxonomy":"category","embeddable":true,"href":"https:\/\/transterrelogistics.com\/index.php\/wp-json\/wp\/v2\/categories?post=19535"},{"taxonomy":"post_tag","embeddable":true,"href":"https:\/\/transterrelogistics.com\/index.php\/wp-json\/wp\/v2\/tags?post=19535"}],"curies":[{"name":"wp","href":"https:\/\/api.w.org\/{rel}","templated":true}]}}